{"id":811,"date":"2017-09-15T09:50:30","date_gmt":"2017-09-15T09:50:30","guid":{"rendered":"http:\/\/multimedia.uoc.edu\/blogs\/dg\/?p=811"},"modified":"2019-03-07T06:35:41","modified_gmt":"2019-03-07T06:35:41","slug":"castellano-semestre-1-2017-18","status":"publish","type":"post","link":"http:\/\/multimedia.uoc.edu\/blogs\/dg\/es\/2017\/09\/15\/castellano-semestre-1-2017-18\/","title":{"rendered":"Primavera 2017"},"content":{"rendered":"<p><\/p>\n<h2><span class=\"lbl\">Actividad 1. Combinaci\u00f3n de im\u00e1genes vectoriales y derechos de autor. \u00bfC\u00f3mo gestionar los derechos?<\/span><\/h2>\n<p><b>Ilustraci\u00f3n de un (hipot\u00e9tico) art\u00edculo sobre pobreza energ\u00e9tica<\/b><\/p>\n<p><img loading=\"lazy\" decoding=\"async\" class=\"alignnone size-full wp-image-814\" src=\"http:\/\/multimedia.uoc.edu\/blogs\/dg\/files\/2017\/09\/dilolli_rodriguez_alberto_diseno_PEC1.jpg\" alt=\"\" width=\"520\" height=\"315\" \/><\/p>\n<p><span style=\"color: #333333\"><em>Trabajo de Alberto Gaiska Di Lolli Rodriguez.\u00a0<\/em><\/span><br \/>\n<span style=\"color: #333333\"><em>Profesor:\u00a0Jose Miguel Azor\u00edn Puche.<\/em><\/span><\/p>\n<p><a href=\"http:\/\/multimedia.uoc.edu\/blogs\/dg\/files\/2017\/09\/dilolli_rodriguez_alberto_informe_PAC01.pdf\" target=\"_blank\" rel=\"noopener\">Informe [PDF]<\/a><\/p>\n<h2>\u00a0<img loading=\"lazy\" decoding=\"async\" class=\"alignnone size-full wp-image-816\" src=\"http:\/\/multimedia.uoc.edu\/blogs\/dg\/files\/2017\/09\/Garci\u0301a_Barrachina_Berta_diseno_ACT1.jpg\" alt=\"\" width=\"520\" height=\"735\" \/><\/h2>\n<p><span style=\"color: #333333\"><em>Trabajo de Berta Garc\u00eda Barrachina.\u00a0<\/em><\/span><br \/>\n<span style=\"color: #333333\"><em>Profesor:\u00a0Jos\u00e9 Miguel Azor\u00edn Puche.<\/em><\/span><\/p>\n<p><a href=\"http:\/\/multimedia.uoc.edu\/blogs\/dg\/files\/2017\/09\/Garci\u0301a_Barrachina_Berta_diseno_ACT1.pdf\" target=\"_blank\" rel=\"noopener\">Actividad [PDF]<\/a><\/p>\n<h2><span class=\"lbl\">Actividad 2. Composici\u00f3n gr\u00e1fica b\u00e1sica. Dise\u00f1a un icono de App.<\/span><\/h2>\n<p><b>App sobre juegos de mesa.<\/b><\/p>\n<p><a href=\"http:\/\/multimedia.uoc.edu\/blogs\/dg\/files\/2017\/09\/jose-antonio-ceballos-leva-ACT-2.png\"><img loading=\"lazy\" decoding=\"async\" class=\"alignnone wp-image-824\" src=\"http:\/\/multimedia.uoc.edu\/blogs\/dg\/files\/2017\/09\/jose-antonio-ceballos-leva-ACT-2.png\" alt=\"\" width=\"520\" height=\"373\" \/><\/a><\/p>\n<p><span style=\"color: #333333\"><em>Trabajo\u00a0de Jose Antonio Ceballos Leva.\u00a0<\/em><\/span><br \/>\n<span style=\"color: #333333\"><em>Profesor:\u00a0Jos\u00e9 Miguel Azor\u00edn Puche.<\/em><\/span><\/p>\n<p><a href=\"http:\/\/multimedia.uoc.edu\/blogs\/dg\/files\/2017\/09\/Informe_Ceballos_Leva_JoseAntonio_ACT2.pdf\">Informe [PDF]<\/a><\/p>\n<p>&nbsp;<\/p>\n<h2>Actividad 3. Composici\u00f3n gr\u00e1fica avanzada. Dise\u00f1a un producto editorial.<\/h2>\n<p><strong>Folleto informativo Sism\u00f2graf 2017<\/strong><\/p>\n<p><img loading=\"lazy\" decoding=\"async\" class=\"alignnone size-full wp-image-818\" src=\"http:\/\/multimedia.uoc.edu\/blogs\/dg\/files\/2017\/09\/Palma_Mun\u0303oz_RGB-2.jpg\" alt=\"\" width=\"520\" height=\"260\" \/><\/p>\n<p><span style=\"color: #333333\"><em>Trabajo\u00a0de Teresa Palma Mu\u00f1oz.\u00a0<\/em><\/span><br \/>\n<span style=\"color: #333333\"><em>Profesor:\u00a0Jos\u00e9 Miguel Azor\u00edn Puche.<\/em><\/span><\/p>\n<p><a href=\"http:\/\/multimedia.uoc.edu\/blogs\/dg\/files\/2017\/09\/Palma_Munoz_Informe.pdf\">Dise\u00f1o [PDF]<\/a> <a href=\"http:\/\/multimedia.uoc.edu\/blogs\/dg\/files\/2017\/09\/Palma_Mun\u0303oz_RGB.pdf\">Informe [PDF]<\/a><\/p>\n<p>&nbsp;<\/p>\n<h2><img loading=\"lazy\" decoding=\"async\" class=\"alignnone size-full wp-image-817\" src=\"http:\/\/multimedia.uoc.edu\/blogs\/dg\/files\/2017\/09\/Gomez_Lopez_De_San_Roman_RGB-2.jpg\" alt=\"\" width=\"520\" height=\"260\" \/><\/h2>\n<p><em>Trabajo\u00a0de Gustavo Ignacio G\u00f3mez Lopez de San Roman.\u00a0<\/em><br \/>\n<em>Profesor:\u00a0Jos\u00e9 Miguel Azor\u00edn Puche.<\/em><\/p>\n<p><a href=\"http:\/\/multimedia.uoc.edu\/blogs\/dg\/files\/2017\/09\/Gomez_Lopez_De_San_Roman_RGB.pdf\">Dise\u00f1o [PDF]<\/a><\/p>\n<h2>PR\u00c1CTICA FINAL. Creatividad y composici\u00f3n gr\u00e1fica. Dise\u00f1a un Newsletter.<\/h2>\n<p><strong>Newsletter taller de gastronom\u00eda<\/strong><\/p>\n<p><img loading=\"lazy\" decoding=\"async\" class=\"alignnone size-full wp-image-815\" src=\"http:\/\/multimedia.uoc.edu\/blogs\/dg\/files\/2017\/09\/Palma_Munoz_pantalla.jpg\" alt=\"\" width=\"520\" height=\"300\" \/><\/p>\n<p><span style=\"color: #333333\"><em>Trabajo\u00a0de\u00a0Teresa Palma Mu\u00f1oz.\u00a0<\/em><\/span><br \/>\n<span style=\"color: #333333\"><em>Profesor:\u00a0Jos\u00e9 Miguel Azor\u00edn Puche.<\/em><\/span><\/p>\n<p><a href=\"http:\/\/multimedia.uoc.edu\/blogs\/dg\/files\/2017\/09\/Palma_Munoz_pantalla.pdf\">Dise\u00f1o [PDF]<\/a> <a href=\"http:\/\/multimedia.uoc.edu\/blogs\/dg\/files\/2017\/09\/Palma_Munoz_informe.pdf\">Informe [PDF]<\/a><\/p>\n<p>&nbsp;<\/p>\n<p>&nbsp;<\/p>\n<p><img loading=\"lazy\" decoding=\"async\" class=\"alignnone size-full wp-image-813\" src=\"http:\/\/multimedia.uoc.edu\/blogs\/dg\/files\/2017\/09\/Di_Lolli_Rodriguez_pantalla.jpg\" alt=\"\" width=\"520\" height=\"313\" \/><\/p>\n<p><span style=\"color: #333333\"><em>Trabajo de\u00a0Alberto Gaiska Di Lolli Rodriguez.\u00a0<\/em><\/span><br \/>\n<span style=\"color: #333333\"><em>Profesor:\u00a0Jose Miguel Azor\u00edn Puche<\/em><\/span><\/p>\n<p><a href=\"http:\/\/multimedia.uoc.edu\/blogs\/dg\/files\/2017\/09\/Di_Lolli_Rodriguez_pantalla.pdf\">Dise\u00f1o [PDF]<\/a><\/p>","protected":false},"excerpt":{"rendered":"<p>Actividad 1. Combinaci\u00f3n de im\u00e1genes vectoriales y derechos de autor. \u00bfC\u00f3mo gestionar los derechos? Ilustraci\u00f3n de un (hipot\u00e9tico) art\u00edculo sobre pobreza energ\u00e9tica Trabajo de Alberto Gaiska Di Lolli Rodriguez.\u00a0 Profesor:\u00a0Jose Miguel Azor\u00edn Puche. Informe [PDF] \u00a0 Trabajo de Berta Garc\u00eda Barrachina.\u00a0 Profesor:\u00a0Jos\u00e9 Miguel Azor\u00edn Puche. Actividad [PDF] Actividad 2. Composici\u00f3n gr\u00e1fica b\u00e1sica. Dise\u00f1a un icono [&hellip;]<\/p>\n","protected":false},"author":32,"featured_media":0,"comment_status":"closed","ping_status":"open","sticky":false,"template":"","format":"standard","meta":{"footnotes":""},"categories":[32],"tags":[],"class_list":["post-811","post","type-post","status-publish","format-standard","hentry","category-experiencies"],"_links":{"self":[{"href":"http:\/\/multimedia.uoc.edu\/blogs\/dg\/es\/wp-json\/wp\/v2\/posts\/811","targetHints":{"allow":["GET"]}}],"collection":[{"href":"http:\/\/multimedia.uoc.edu\/blogs\/dg\/es\/wp-json\/wp\/v2\/posts"}],"about":[{"href":"http:\/\/multimedia.uoc.edu\/blogs\/dg\/es\/wp-json\/wp\/v2\/types\/post"}],"author":[{"embeddable":true,"href":"http:\/\/multimedia.uoc.edu\/blogs\/dg\/es\/wp-json\/wp\/v2\/users\/32"}],"replies":[{"embeddable":true,"href":"http:\/\/multimedia.uoc.edu\/blogs\/dg\/es\/wp-json\/wp\/v2\/comments?post=811"}],"version-history":[{"count":15,"href":"http:\/\/multimedia.uoc.edu\/blogs\/dg\/es\/wp-json\/wp\/v2\/posts\/811\/revisions"}],"predecessor-version":[{"id":1152,"href":"http:\/\/multimedia.uoc.edu\/blogs\/dg\/es\/wp-json\/wp\/v2\/posts\/811\/revisions\/1152"}],"wp:attachment":[{"href":"http:\/\/multimedia.uoc.edu\/blogs\/dg\/es\/wp-json\/wp\/v2\/media?parent=811"}],"wp:term":[{"taxonomy":"category","embeddable":true,"href":"http:\/\/multimedia.uoc.edu\/blogs\/dg\/es\/wp-json\/wp\/v2\/categories?post=811"},{"taxonomy":"post_tag","embeddable":true,"href":"http:\/\/multimedia.uoc.edu\/blogs\/dg\/es\/wp-json\/wp\/v2\/tags?post=811"}],"curies":[{"name":"wp","href":"https:\/\/api.w.org\/{rel}","templated":true}]}}