{"id":169,"date":"2013-03-05T13:14:11","date_gmt":"2013-03-05T13:14:11","guid":{"rendered":"http:\/\/multimedia.uoc.edu\/blogs\/mi\/?p=169"},"modified":"2013-04-09T14:24:50","modified_gmt":"2013-04-09T14:24:50","slug":"art-digital-i-pensament-articles-i-obres","status":"publish","type":"post","link":"https:\/\/multimedia.uoc.edu\/blogs\/mi\/2013\/03\/05\/art-digital-i-pensament-articles-i-obres\/","title":{"rendered":"Art digital i pensament (Articles i Obres)"},"content":{"rendered":"<p><em>Autor<\/em>: \u00a0Recull d&#8217;articles i obres relacionades amb l&#8217;art digital<\/p>\n<p><em>Descripci\u00f3:<\/em> \u00a0Aleph \u00e9s un portal dedica al net.art el pensament i la cr\u00edtica a les noves pr\u00e0ctiques art\u00edstiques a Internet i recull un bon conjunt d&#8217;articles interessants com a compendi del projecte desenvolupat fins a l&#8217;any 2002.<\/p>\n<p>\u00c9s una bona font de informaci\u00f3 per a \u00a0entendre la evoluci\u00f3 i la base te\u00f2rico-filos\u00f2fica del net.art. Tot i qu\u00e8 algunes de les obres que ofereix tenen algun problema t\u00e8cnic la majoria funcionen b\u00e9 i permeten recrear la experi\u00e8ncia del net.art d&#8217;una forma hist\u00f2rica per a veure&#8217;n la seva evoluci\u00f3 des de diferents enfocaments.<\/p>\n<p><em>Link:<\/em> <a title=\"Aleph\" href=\"http:\/\/aleph-arts.org\/art\/index.html\" target=\"_blank\">Aleph<\/a><\/p>\n<p><em>Idioma<\/em>: \u00a0Principal Castell\u00e0, alguns articles en angl\u00e8s.<\/p>\n<p><a href=\"http:\/\/multimedia.uoc.edu\/blogs\/mi\/files\/2013\/03\/aleph.jpg\"><img loading=\"lazy\" decoding=\"async\" class=\"alignnone size-large wp-image-170\" alt=\"aleph\" src=\"http:\/\/multimedia.uoc.edu\/blogs\/mi\/files\/2013\/03\/aleph-1024x575.jpg\" width=\"550\" height=\"308\" srcset=\"https:\/\/multimedia.uoc.edu\/blogs\/mi\/files\/2013\/03\/aleph-1024x575.jpg 1024w, https:\/\/multimedia.uoc.edu\/blogs\/mi\/files\/2013\/03\/aleph-300x168.jpg 300w, https:\/\/multimedia.uoc.edu\/blogs\/mi\/files\/2013\/03\/aleph.jpg 1366w\" sizes=\"auto, (max-width: 550px) 100vw, 550px\" \/><\/a><\/p>\n<p>&nbsp;<\/p>\n","protected":false},"excerpt":{"rendered":"<p>Autor: \u00a0Recull d&#8217;articles i obres relacionades amb l&#8217;art digital Descripci\u00f3: \u00a0Aleph \u00e9s un portal dedica al net.art el pensament i la cr\u00edtica a les noves pr\u00e0ctiques art\u00edstiques a Internet i recull un bon conjunt d&#8217;articles interessants com a compendi del projecte desenvolupat fins a l&#8217;any 2002. \u00c9s una bona font de informaci\u00f3 per a \u00a0entendre &hellip; <\/p>\n<p class=\"link-more\"><a href=\"https:\/\/multimedia.uoc.edu\/blogs\/mi\/2013\/03\/05\/art-digital-i-pensament-articles-i-obres\/\" class=\"more-link\">Continue reading<span class=\"screen-reader-text\"> &#8220;Art digital i pensament (Articles i Obres)&#8221;<\/span><\/a><\/p>\n","protected":false},"author":3,"featured_media":170,"comment_status":"closed","ping_status":"open","sticky":false,"template":"","format":"standard","meta":{"footnotes":""},"categories":[8,14,16,17,19,6,7],"tags":[140,21,45,46],"class_list":["post-169","post","type-post","status-publish","format-standard","has-post-thumbnail","hentry","category-art-i-disseny","category-imatge","category-interactiu","category-intermedi","category-societat","category-text","category-video","tag-art-i-disseny","tag-arte-digital","tag-net-art","tag-pensament","entry"],"_links":{"self":[{"href":"https:\/\/multimedia.uoc.edu\/blogs\/mi\/wp-json\/wp\/v2\/posts\/169","targetHints":{"allow":["GET"]}}],"collection":[{"href":"https:\/\/multimedia.uoc.edu\/blogs\/mi\/wp-json\/wp\/v2\/posts"}],"about":[{"href":"https:\/\/multimedia.uoc.edu\/blogs\/mi\/wp-json\/wp\/v2\/types\/post"}],"author":[{"embeddable":true,"href":"https:\/\/multimedia.uoc.edu\/blogs\/mi\/wp-json\/wp\/v2\/users\/3"}],"replies":[{"embeddable":true,"href":"https:\/\/multimedia.uoc.edu\/blogs\/mi\/wp-json\/wp\/v2\/comments?post=169"}],"version-history":[{"count":3,"href":"https:\/\/multimedia.uoc.edu\/blogs\/mi\/wp-json\/wp\/v2\/posts\/169\/revisions"}],"predecessor-version":[{"id":260,"href":"https:\/\/multimedia.uoc.edu\/blogs\/mi\/wp-json\/wp\/v2\/posts\/169\/revisions\/260"}],"wp:featuredmedia":[{"embeddable":true,"href":"https:\/\/multimedia.uoc.edu\/blogs\/mi\/wp-json\/wp\/v2\/media\/170"}],"wp:attachment":[{"href":"https:\/\/multimedia.uoc.edu\/blogs\/mi\/wp-json\/wp\/v2\/media?parent=169"}],"wp:term":[{"taxonomy":"category","embeddable":true,"href":"https:\/\/multimedia.uoc.edu\/blogs\/mi\/wp-json\/wp\/v2\/categories?post=169"},{"taxonomy":"post_tag","embeddable":true,"href":"https:\/\/multimedia.uoc.edu\/blogs\/mi\/wp-json\/wp\/v2\/tags?post=169"}],"curies":[{"name":"wp","href":"https:\/\/api.w.org\/{rel}","templated":true}]}}