{"id":291,"date":"2015-02-24T05:00:15","date_gmt":"2015-02-24T05:00:15","guid":{"rendered":"http:\/\/multimedia.uoc.edu\/blogs\/mi\/?p=291"},"modified":"2017-03-03T10:31:05","modified_gmt":"2017-03-03T10:31:05","slug":"2-cibercultura-piere-levy","status":"publish","type":"post","link":"https:\/\/multimedia.uoc.edu\/blogs\/mi\/2015\/02\/24\/2-cibercultura-piere-levy\/","title":{"rendered":"2. Cibercultura, Piere Levy"},"content":{"rendered":"<p>Seguint amb el concepte de la cibercultura, \u00e9s important atendre a la aportaci\u00f3 de Pierre L\u00e9vy.<\/p>\n<p>L\u00e9vy va escriure aquest llibre com a informe per a la Comissi\u00f3 Europea per a tractar la influ\u00e8ncia cultural dels nous mitjans digitals, per a definir el que anomenem Cibercultura. Usem aquest terme per a designar la cultura pr\u00f2pia de les societats en les que les tecnologies digitals participen de forma decisiva en la configuraci\u00f3 de les diferents formes d&#8217;organitzaci\u00f3, administraci\u00f3, creaci\u00f3 i producci\u00f3 socials.<\/p>\n<p>L\u00e9vy parteix, per tant, d&#8217;una idea de cultura \u00e0mplia, que inclou no nom\u00e9s els elements simb\u00f2lics: idees, representacions, valors, etc. sin\u00f3 tamb\u00e9 les t\u00e8cniques, els artefactes i els entorns materials. La cibercutura es desenvolupa amb el creixement del <em>ciberespai <\/em>i, alhora, aquest creixement dep\u00e8n de la ampliaci\u00f3 i evoluci\u00f3 de les xarxes d&#8217;ordinadors i els altres artefactes digitals.<\/p>\n<p>Donada l&#8217;\u00e8poca en la qu\u00e8 es va escriure aquest llibre, la seva introducci\u00f3 significa un gran punt de partida per entendre l&#8217;entorn actual i l&#8217;evoluci\u00f3 dels mitjans en relaci\u00f3 amb la cultura actual.<\/p>\n<p><a href=\"https:\/\/books.google.es\/books?id=bn7Vf5dvbbYC&amp;printsec=frontcover&amp;hl=ca#v=onepage&amp;q&amp;f=false\">https:\/\/books.google.es\/books?id=bn7Vf5dvbbYC&amp;printsec=frontcover&amp;hl=ca#v=onepage&amp;q&amp;f=false<\/a><\/p>","protected":false},"excerpt":{"rendered":"<p>Seguint amb el concepte de la cibercultura, \u00e9s important atendre a la aportaci\u00f3 de Pierre L\u00e9vy. L\u00e9vy va escriure aquest llibre com a informe per a la Comissi\u00f3 Europea per a tractar la influ\u00e8ncia cultural dels nous mitjans digitals, per a definir el que anomenem Cibercultura. Usem aquest terme per a designar la cultura pr\u00f2pia &hellip; <\/p>\n<p class=\"link-more\"><a href=\"https:\/\/multimedia.uoc.edu\/blogs\/mi\/2015\/02\/24\/2-cibercultura-piere-levy\/\" class=\"more-link\">Continue reading<span class=\"screen-reader-text\"> &#8220;2. Cibercultura, Piere Levy&#8221;<\/span><\/a><\/p>\n","protected":false},"author":3,"featured_media":0,"comment_status":"closed","ping_status":"open","sticky":false,"template":"","format":"standard","meta":{"footnotes":""},"categories":[125],"tags":[122,76,117,135],"class_list":["post-291","post","type-post","status-publish","format-standard","hentry","category-corpus","tag-cultura","tag-cultura-digital-2","tag-fonaments","tag-pierre-levy","entry"],"_links":{"self":[{"href":"https:\/\/multimedia.uoc.edu\/blogs\/mi\/wp-json\/wp\/v2\/posts\/291","targetHints":{"allow":["GET"]}}],"collection":[{"href":"https:\/\/multimedia.uoc.edu\/blogs\/mi\/wp-json\/wp\/v2\/posts"}],"about":[{"href":"https:\/\/multimedia.uoc.edu\/blogs\/mi\/wp-json\/wp\/v2\/types\/post"}],"author":[{"embeddable":true,"href":"https:\/\/multimedia.uoc.edu\/blogs\/mi\/wp-json\/wp\/v2\/users\/3"}],"replies":[{"embeddable":true,"href":"https:\/\/multimedia.uoc.edu\/blogs\/mi\/wp-json\/wp\/v2\/comments?post=291"}],"version-history":[{"count":4,"href":"https:\/\/multimedia.uoc.edu\/blogs\/mi\/wp-json\/wp\/v2\/posts\/291\/revisions"}],"predecessor-version":[{"id":343,"href":"https:\/\/multimedia.uoc.edu\/blogs\/mi\/wp-json\/wp\/v2\/posts\/291\/revisions\/343"}],"wp:attachment":[{"href":"https:\/\/multimedia.uoc.edu\/blogs\/mi\/wp-json\/wp\/v2\/media?parent=291"}],"wp:term":[{"taxonomy":"category","embeddable":true,"href":"https:\/\/multimedia.uoc.edu\/blogs\/mi\/wp-json\/wp\/v2\/categories?post=291"},{"taxonomy":"post_tag","embeddable":true,"href":"https:\/\/multimedia.uoc.edu\/blogs\/mi\/wp-json\/wp\/v2\/tags?post=291"}],"curies":[{"name":"wp","href":"https:\/\/api.w.org\/{rel}","templated":true}]}}